{"id":676,"date":"2019-02-06T17:09:57","date_gmt":"2019-02-06T16:09:57","guid":{"rendered":"http:\/\/oi.inexence.group\/?p=676"},"modified":"2020-07-29T17:56:07","modified_gmt":"2020-07-29T15:56:07","slug":"extension-du-parc-cineraire","status":"publish","type":"post","link":"https:\/\/eve.inexence.group\/en\/extension-du-parc-cineraire\/","title":{"rendered":"Extension of the crematorium gardens"},"content":{"rendered":"<p class=\"p1\"><span class=\"s1\"><strong>PLACE:<\/strong> <\/span> <span class=\"s3\">MUNICIPALITY OF SAINT PIERRE<\/span><\/p>\n<p class=\"p3\"><strong><span class=\"s3\">APPLICATION - TECHNIQUE:<span class=\"Apple-converted-space\">\u00a0 <\/span><\/span><\/strong><span class=\"s4\">LANDSCAPING<\/span><\/p>\n<p class=\"p3\"><strong><span class=\"s3\">CLIENT: <\/span><\/strong><span class=\"s4\">CIVIS<\/span><\/p>\n<p class=\"p3\"><span class=\"s3\"><strong>PROJECT OWNER:<\/strong> <\/span><span class=\"s4\">CIVIS<\/span><\/p>\n<p class=\"p5\"><span class=\"s2\"><strong>PROJECT MANAGER:<\/strong> <\/span><span class=\"s3\">JEAN PIHOUEE \/ ATEA \/ SOCOTEC<\/span><\/p>\n<p class=\"p3\"><strong><span class=\"s3\">QUANTITIES: <\/span><\/strong><span class=\"s4\">2,126m\u00b2<\/span><\/p>\n<p class=\"p5\"><span class=\"s2\"><strong>YEAR:<\/strong> <\/span><span class=\"s3\">2016 \/ 2017<\/span><\/p>","protected":false},"excerpt":{"rendered":"<p>LIEU : COMMUNE DE SAINT PIERRE APPLICATION \u2013 TECHNIQUE :\u00a0 AMENAGEMENT PAYSAGER CLIENT : CIVIS MA\u00ceTRE D\u2019OUVRAGE : CIVIS MA\u00ceTRE D\u2019\u0152UVRE : JEAN PIHOUEE \/ ATEA \/ SOCOTEC QUANTIT\u00c9S : 2 126 m2 ANN\u00c9E : 2016 \/ 2017<\/p>","protected":false},"author":1,"featured_media":911,"comment_status":"closed","ping_status":"open","sticky":false,"template":"","format":"standard","meta":{"inline_featured_image":false,"footnotes":""},"categories":[58],"tags":[],"class_list":["post-676","post","type-post","status-publish","format-standard","has-post-thumbnail","hentry","category-realisations"],"yoast_head":"<!-- This site is optimized with the Yoast SEO plugin v24.1 - https:\/\/yoast.com\/wordpress\/plugins\/seo\/ -->\n<title>Extension du parc cin\u00e9raire, Inexence Espace Vert Environnement - EVE<\/title>\n<meta name=\"description\" content=\"Inexence Espace Vert Environnement \u00e0 am\u00e9nag\u00e9 le paysage du parc cin\u00e9raire de la commune de Saint Pierre. L&#039;extension s&#039;\u00e9l\u00e8ve \u00e0 2 126 m2.\" \/>\n<meta name=\"robots\" content=\"index, follow, max-snippet:-1, max-image-preview:large, max-video-preview:-1\" \/>\n<link rel=\"canonical\" href=\"https:\/\/eve.inexence.group\/en\/extension-du-parc-cineraire\/\" \/>\n<meta property=\"og:locale\" content=\"en_GB\" \/>\n<meta property=\"og:type\" content=\"article\" \/>\n<meta property=\"og:title\" content=\"Extension du parc cin\u00e9raire, Inexence Espace Vert Environnement - EVE\" \/>\n<meta property=\"og:description\" content=\"Inexence Espace Vert Environnement \u00e0 am\u00e9nag\u00e9 le paysage du parc cin\u00e9raire de la commune de Saint Pierre. L&#039;extension s&#039;\u00e9l\u00e8ve \u00e0 2 126 m2.\" \/>\n<meta property=\"og:url\" content=\"https:\/\/eve.inexence.group\/en\/extension-du-parc-cineraire\/\" \/>\n<meta property=\"og:site_name\" content=\"EVE\" \/>\n<meta property=\"article:published_time\" content=\"2019-02-06T16:09:57+00:00\" \/>\n<meta property=\"article:modified_time\" content=\"2020-07-29T15:56:07+00:00\" \/>\n<meta property=\"og:image\" content=\"https:\/\/eve.inexence.group\/wp-content\/uploads\/sites\/13\/2019\/02\/extension-parc-cineraire.jpg\" \/>\n\t<meta property=\"og:image:width\" content=\"1440\" \/>\n\t<meta property=\"og:image:height\" content=\"1080\" \/>\n\t<meta property=\"og:image:type\" content=\"image\/jpeg\" \/>\n<meta name=\"twitter:card\" content=\"summary_large_image\" \/>\n<meta name=\"twitter:label1\" content=\"Written by\" \/>\n\t<meta name=\"twitter:data1\" content=\"\" \/>\n<script type=\"application\/ld+json\" class=\"yoast-schema-graph\">{\"@context\":\"https:\/\/schema.org\",\"@graph\":[{\"@type\":\"Article\",\"@id\":\"https:\/\/eve.inexence.group\/extension-du-parc-cineraire\/#article\",\"isPartOf\":{\"@id\":\"https:\/\/eve.inexence.group\/extension-du-parc-cineraire\/\"},\"author\":{\"name\":\"\",\"@id\":\"\"},\"headline\":\"Extension du parc cin\u00e9raire\",\"datePublished\":\"2019-02-06T16:09:57+00:00\",\"dateModified\":\"2020-07-29T15:56:07+00:00\",\"mainEntityOfPage\":{\"@id\":\"https:\/\/eve.inexence.group\/extension-du-parc-cineraire\/\"},\"wordCount\":34,\"publisher\":{\"@id\":\"https:\/\/eve.inexence.group\/#organization\"},\"image\":{\"@id\":\"https:\/\/eve.inexence.group\/extension-du-parc-cineraire\/#primaryimage\"},\"thumbnailUrl\":\"https:\/\/eve.inexence.group\/wp-content\/uploads\/sites\/13\/2019\/02\/extension-parc-cineraire.jpg\",\"articleSection\":[\"Nos R\u00e9alisations\"],\"inLanguage\":\"en-GB\"},{\"@type\":\"WebPage\",\"@id\":\"https:\/\/eve.inexence.group\/extension-du-parc-cineraire\/\",\"url\":\"https:\/\/eve.inexence.group\/extension-du-parc-cineraire\/\",\"name\":\"Extension du parc cin\u00e9raire, Inexence Espace Vert Environnement - EVE\",\"isPartOf\":{\"@id\":\"https:\/\/eve.inexence.group\/#website\"},\"primaryImageOfPage\":{\"@id\":\"https:\/\/eve.inexence.group\/extension-du-parc-cineraire\/#primaryimage\"},\"image\":{\"@id\":\"https:\/\/eve.inexence.group\/extension-du-parc-cineraire\/#primaryimage\"},\"thumbnailUrl\":\"https:\/\/eve.inexence.group\/wp-content\/uploads\/sites\/13\/2019\/02\/extension-parc-cineraire.jpg\",\"datePublished\":\"2019-02-06T16:09:57+00:00\",\"dateModified\":\"2020-07-29T15:56:07+00:00\",\"description\":\"Inexence Espace Vert Environnement \u00e0 am\u00e9nag\u00e9 le paysage du parc cin\u00e9raire de la commune de Saint Pierre. L'extension s'\u00e9l\u00e8ve \u00e0 2 126 m2.\",\"breadcrumb\":{\"@id\":\"https:\/\/eve.inexence.group\/extension-du-parc-cineraire\/#breadcrumb\"},\"inLanguage\":\"en-GB\",\"potentialAction\":[{\"@type\":\"ReadAction\",\"target\":[\"https:\/\/eve.inexence.group\/extension-du-parc-cineraire\/\"]}]},{\"@type\":\"ImageObject\",\"inLanguage\":\"en-GB\",\"@id\":\"https:\/\/eve.inexence.group\/extension-du-parc-cineraire\/#primaryimage\",\"url\":\"https:\/\/eve.inexence.group\/wp-content\/uploads\/sites\/13\/2019\/02\/extension-parc-cineraire.jpg\",\"contentUrl\":\"https:\/\/eve.inexence.group\/wp-content\/uploads\/sites\/13\/2019\/02\/extension-parc-cineraire.jpg\",\"width\":1440,\"height\":1080,\"caption\":\"extension-parc-cineraire\"},{\"@type\":\"BreadcrumbList\",\"@id\":\"https:\/\/eve.inexence.group\/extension-du-parc-cineraire\/#breadcrumb\",\"itemListElement\":[{\"@type\":\"ListItem\",\"position\":1,\"name\":\"Accueil\",\"item\":\"https:\/\/eve.inexence.group\/\"},{\"@type\":\"ListItem\",\"position\":2,\"name\":\"Extension du parc cin\u00e9raire\"}]},{\"@type\":\"WebSite\",\"@id\":\"https:\/\/eve.inexence.group\/#website\",\"url\":\"https:\/\/eve.inexence.group\/\",\"name\":\"EVE\",\"description\":\"\",\"publisher\":{\"@id\":\"https:\/\/eve.inexence.group\/#organization\"},\"potentialAction\":[{\"@type\":\"SearchAction\",\"target\":{\"@type\":\"EntryPoint\",\"urlTemplate\":\"https:\/\/eve.inexence.group\/?s={search_term_string}\"},\"query-input\":{\"@type\":\"PropertyValueSpecification\",\"valueRequired\":true,\"valueName\":\"search_term_string\"}}],\"inLanguage\":\"en-GB\"},{\"@type\":\"Organization\",\"@id\":\"https:\/\/eve.inexence.group\/#organization\",\"name\":\"EVE - Espace Vert Environnement\",\"url\":\"https:\/\/eve.inexence.group\/\",\"logo\":{\"@type\":\"ImageObject\",\"inLanguage\":\"en-GB\",\"@id\":\"https:\/\/eve.inexence.group\/#\/schema\/logo\/image\/\",\"url\":\"https:\/\/eve.inexence.group\/wp-content\/uploads\/sites\/13\/2019\/07\/Logo-eve.png\",\"contentUrl\":\"https:\/\/eve.inexence.group\/wp-content\/uploads\/sites\/13\/2019\/07\/Logo-eve.png\",\"width\":835,\"height\":933,\"caption\":\"EVE - Espace Vert Environnement\"},\"image\":{\"@id\":\"https:\/\/eve.inexence.group\/#\/schema\/logo\/image\/\"}},{\"@type\":\"Person\",\"@id\":\"\"}]}<\/script>\n<!-- \/ Yoast SEO plugin. -->","yoast_head_json":{"title":"Extension du parc cin\u00e9raire, Inexence Espace Vert Environnement - EVE","description":"Inexence Espace Vert Environnement \u00e0 am\u00e9nag\u00e9 le paysage du parc cin\u00e9raire de la commune de Saint Pierre. L'extension s'\u00e9l\u00e8ve \u00e0 2 126 m2.","robots":{"index":"index","follow":"follow","max-snippet":"max-snippet:-1","max-image-preview":"max-image-preview:large","max-video-preview":"max-video-preview:-1"},"canonical":"https:\/\/eve.inexence.group\/en\/extension-du-parc-cineraire\/","og_locale":"en_GB","og_type":"article","og_title":"Extension du parc cin\u00e9raire, Inexence Espace Vert Environnement - EVE","og_description":"Inexence Espace Vert Environnement \u00e0 am\u00e9nag\u00e9 le paysage du parc cin\u00e9raire de la commune de Saint Pierre. L'extension s'\u00e9l\u00e8ve \u00e0 2 126 m2.","og_url":"https:\/\/eve.inexence.group\/en\/extension-du-parc-cineraire\/","og_site_name":"EVE","article_published_time":"2019-02-06T16:09:57+00:00","article_modified_time":"2020-07-29T15:56:07+00:00","og_image":[{"width":1440,"height":1080,"url":"https:\/\/eve.inexence.group\/wp-content\/uploads\/sites\/13\/2019\/02\/extension-parc-cineraire.jpg","type":"image\/jpeg"}],"twitter_card":"summary_large_image","twitter_misc":{"Written by":""},"schema":{"@context":"https:\/\/schema.org","@graph":[{"@type":"Article","@id":"https:\/\/eve.inexence.group\/extension-du-parc-cineraire\/#article","isPartOf":{"@id":"https:\/\/eve.inexence.group\/extension-du-parc-cineraire\/"},"author":{"name":"","@id":""},"headline":"Extension du parc cin\u00e9raire","datePublished":"2019-02-06T16:09:57+00:00","dateModified":"2020-07-29T15:56:07+00:00","mainEntityOfPage":{"@id":"https:\/\/eve.inexence.group\/extension-du-parc-cineraire\/"},"wordCount":34,"publisher":{"@id":"https:\/\/eve.inexence.group\/#organization"},"image":{"@id":"https:\/\/eve.inexence.group\/extension-du-parc-cineraire\/#primaryimage"},"thumbnailUrl":"https:\/\/eve.inexence.group\/wp-content\/uploads\/sites\/13\/2019\/02\/extension-parc-cineraire.jpg","articleSection":["Nos R\u00e9alisations"],"inLanguage":"en-GB"},{"@type":"WebPage","@id":"https:\/\/eve.inexence.group\/extension-du-parc-cineraire\/","url":"https:\/\/eve.inexence.group\/extension-du-parc-cineraire\/","name":"Extension du parc cin\u00e9raire, Inexence Espace Vert Environnement - EVE","isPartOf":{"@id":"https:\/\/eve.inexence.group\/#website"},"primaryImageOfPage":{"@id":"https:\/\/eve.inexence.group\/extension-du-parc-cineraire\/#primaryimage"},"image":{"@id":"https:\/\/eve.inexence.group\/extension-du-parc-cineraire\/#primaryimage"},"thumbnailUrl":"https:\/\/eve.inexence.group\/wp-content\/uploads\/sites\/13\/2019\/02\/extension-parc-cineraire.jpg","datePublished":"2019-02-06T16:09:57+00:00","dateModified":"2020-07-29T15:56:07+00:00","description":"Inexence Espace Vert Environnement \u00e0 am\u00e9nag\u00e9 le paysage du parc cin\u00e9raire de la commune de Saint Pierre. L'extension s'\u00e9l\u00e8ve \u00e0 2 126 m2.","breadcrumb":{"@id":"https:\/\/eve.inexence.group\/extension-du-parc-cineraire\/#breadcrumb"},"inLanguage":"en-GB","potentialAction":[{"@type":"ReadAction","target":["https:\/\/eve.inexence.group\/extension-du-parc-cineraire\/"]}]},{"@type":"ImageObject","inLanguage":"en-GB","@id":"https:\/\/eve.inexence.group\/extension-du-parc-cineraire\/#primaryimage","url":"https:\/\/eve.inexence.group\/wp-content\/uploads\/sites\/13\/2019\/02\/extension-parc-cineraire.jpg","contentUrl":"https:\/\/eve.inexence.group\/wp-content\/uploads\/sites\/13\/2019\/02\/extension-parc-cineraire.jpg","width":1440,"height":1080,"caption":"extension-parc-cineraire"},{"@type":"BreadcrumbList","@id":"https:\/\/eve.inexence.group\/extension-du-parc-cineraire\/#breadcrumb","itemListElement":[{"@type":"ListItem","position":1,"name":"Accueil","item":"https:\/\/eve.inexence.group\/"},{"@type":"ListItem","position":2,"name":"Extension du parc cin\u00e9raire"}]},{"@type":"WebSite","@id":"https:\/\/eve.inexence.group\/#website","url":"https:\/\/eve.inexence.group\/","name":"EVE","description":"","publisher":{"@id":"https:\/\/eve.inexence.group\/#organization"},"potentialAction":[{"@type":"SearchAction","target":{"@type":"EntryPoint","urlTemplate":"https:\/\/eve.inexence.group\/?s={search_term_string}"},"query-input":{"@type":"PropertyValueSpecification","valueRequired":true,"valueName":"search_term_string"}}],"inLanguage":"en-GB"},{"@type":"Organization","@id":"https:\/\/eve.inexence.group\/#organization","name":"EVE - Espace Vert Environnement","url":"https:\/\/eve.inexence.group\/","logo":{"@type":"ImageObject","inLanguage":"en-GB","@id":"https:\/\/eve.inexence.group\/#\/schema\/logo\/image\/","url":"https:\/\/eve.inexence.group\/wp-content\/uploads\/sites\/13\/2019\/07\/Logo-eve.png","contentUrl":"https:\/\/eve.inexence.group\/wp-content\/uploads\/sites\/13\/2019\/07\/Logo-eve.png","width":835,"height":933,"caption":"EVE - Espace Vert Environnement"},"image":{"@id":"https:\/\/eve.inexence.group\/#\/schema\/logo\/image\/"}},{"@type":"Person","@id":""}]}},"_links":{"self":[{"href":"https:\/\/eve.inexence.group\/en\/wp-json\/wp\/v2\/posts\/676","targetHints":{"allow":["GET"]}}],"collection":[{"href":"https:\/\/eve.inexence.group\/en\/wp-json\/wp\/v2\/posts"}],"about":[{"href":"https:\/\/eve.inexence.group\/en\/wp-json\/wp\/v2\/types\/post"}],"author":[{"embeddable":true,"href":"https:\/\/eve.inexence.group\/en\/wp-json\/wp\/v2\/users\/1"}],"replies":[{"embeddable":true,"href":"https:\/\/eve.inexence.group\/en\/wp-json\/wp\/v2\/comments?post=676"}],"version-history":[{"count":0,"href":"https:\/\/eve.inexence.group\/en\/wp-json\/wp\/v2\/posts\/676\/revisions"}],"wp:featuredmedia":[{"embeddable":true,"href":"https:\/\/eve.inexence.group\/en\/wp-json\/wp\/v2\/media\/911"}],"wp:attachment":[{"href":"https:\/\/eve.inexence.group\/en\/wp-json\/wp\/v2\/media?parent=676"}],"wp:term":[{"taxonomy":"category","embeddable":true,"href":"https:\/\/eve.inexence.group\/en\/wp-json\/wp\/v2\/categories?post=676"},{"taxonomy":"post_tag","embeddable":true,"href":"https:\/\/eve.inexence.group\/en\/wp-json\/wp\/v2\/tags?post=676"}],"curies":[{"name":"wp","href":"https:\/\/api.w.org\/{rel}","templated":true}]}}